{"id":2756,"date":"2023-06-22T06:02:58","date_gmt":"2023-06-22T06:02:58","guid":{"rendered":"http:\/\/dzungla.net\/radio-live\/?p=2756"},"modified":"2023-06-22T06:04:04","modified_gmt":"2023-06-22T06:04:04","slug":"goca-trzan-i-princ-od-vranje-predstavljaju-duet-mirno","status":"publish","type":"post","link":"https:\/\/dzungla.net\/radio-live\/goca-trzan-i-princ-od-vranje-predstavljaju-duet-mirno\/","title":{"rendered":"GOCA TR\u017dAN I PRINC OD VRANJE PREDSTAVLJAJU DUET \u201eMIRNO\u201c"},"content":{"rendered":"\n<p>Samo nekoliko dana nakon fenomenalnog koncerta u sarajevskom Domu mladih o kojem mnogi jo\u0161 pri\u010daju i prepri\u010davaju utiske, Goca Tr\u017ean je ponovo iznenadila svoje fanove! Predstavila je novi singl i prate\u0107i video spot za pjesmu \u201eMirno\u201c koja je duet sa sve popularnijim pjeva\u010dem Stefanom Zdravkovi\u0107em koji nosi umjetni\u010dko ime Princ od Vranje. Dvoje sjajnih pjeva\u010da je spojio hit mejker Du\u0161an Ba\u010di\u0107 koji ujedno potpisuje muziku i stihove za pjesmu \u201eMirno\u201c, a aran\u017eer je Dejan Nikoli\u0107. Ba\u010di\u0107 je tako\u0111e re\u017eirao video spot koji prati pjesmu \u201eMirno\u201c. A da je ova saradnja bila pun pogodak nema sumnje, jer pjesma i spot pr\u0161te od muzi\u010dke sinergije Goce i Princa i eksplozije emocija. <\/p>\n\n\n\n<figure class=\"wp-block-image\"><img loading=\"lazy\" decoding=\"async\" width=\"1024\" height=\"576\" src=\"http:\/\/dzungla.net\/radio-live\/wp-content\/uploads\/2023\/06\/L02_8.1.1-1-1024x576.jpg\" alt=\"\" class=\"wp-image-2758\" srcset=\"https:\/\/dzungla.net\/radio-live\/wp-content\/uploads\/2023\/06\/L02_8.1.1-1-1024x576.jpg 1024w, https:\/\/dzungla.net\/radio-live\/wp-content\/uploads\/2023\/06\/L02_8.1.1-1-300x169.jpg 300w, https:\/\/dzungla.net\/radio-live\/wp-content\/uploads\/2023\/06\/L02_8.1.1-1-768x432.jpg 768w, https:\/\/dzungla.net\/radio-live\/wp-content\/uploads\/2023\/06\/L02_8.1.1-1-696x392.jpg 696w, https:\/\/dzungla.net\/radio-live\/wp-content\/uploads\/2023\/06\/L02_8.1.1-1-1068x601.jpg 1068w, https:\/\/dzungla.net\/radio-live\/wp-content\/uploads\/2023\/06\/L02_8.1.1-1-747x420.jpg 747w, https:\/\/dzungla.net\/radio-live\/wp-content\/uploads\/2023\/06\/L02_8.1.1-1.jpg 1920w\" sizes=\"auto, (max-width: 1024px) 100vw, 1024px\" \/><\/figure>\n\n\n\n<p>\u201eDu\u0161an Ba\u010di\u0107 je za mene napisao nekoliko hitova,\na kao producent Princa od Vranje, predlo\u017eio je saradnju sa ovim sjajnim, vrlo\ntalentiranim mladim pjeva\u010dem. Ova je pjesma pisana za Princa, tako da sam ja u\novom duetu zapravo njegova go\u0161\u0107a. \u010cim smo je prvi puta zajedno otpjevali, vokali\nsu nam se jako dobro slo\u017eili. Pjesma je lijepa, druga\u010dija, izuzetno je melodi\u010dna\ni nadam se da \u0107e vam se svidjeti!\u201c rekla je Goca Tr\u017ean uz premijeru pjesme i\nvideo spota.<\/p>\n\n\n\n<figure class=\"wp-block-image\"><img loading=\"lazy\" decoding=\"async\" width=\"900\" height=\"561\" src=\"http:\/\/dzungla.net\/radio-live\/wp-content\/uploads\/2023\/06\/106312_stefan-zdravkovic-princ-od-vranje-dejan-milicevic_iff.jpg\" alt=\"\" class=\"wp-image-2759\" srcset=\"https:\/\/dzungla.net\/radio-live\/wp-content\/uploads\/2023\/06\/106312_stefan-zdravkovic-princ-od-vranje-dejan-milicevic_iff.jpg 900w, https:\/\/dzungla.net\/radio-live\/wp-content\/uploads\/2023\/06\/106312_stefan-zdravkovic-princ-od-vranje-dejan-milicevic_iff-300x187.jpg 300w, https:\/\/dzungla.net\/radio-live\/wp-content\/uploads\/2023\/06\/106312_stefan-zdravkovic-princ-od-vranje-dejan-milicevic_iff-768x479.jpg 768w, https:\/\/dzungla.net\/radio-live\/wp-content\/uploads\/2023\/06\/106312_stefan-zdravkovic-princ-od-vranje-dejan-milicevic_iff-696x434.jpg 696w, https:\/\/dzungla.net\/radio-live\/wp-content\/uploads\/2023\/06\/106312_stefan-zdravkovic-princ-od-vranje-dejan-milicevic_iff-674x420.jpg 674w\" sizes=\"auto, (max-width: 900px) 100vw, 900px\" \/><\/figure>\n\n\n\n<p>Princ je svakako vrlo perspektivno pjeva\u010dko\nime na regionalnoj muzi\u010dkoj sceni. Podsjetimo, bio je jedan od favorita na ovogodi\u0161njem\nizboru Pjesme za Evroviziju u Srbiji s pjesmom \u201eCvet sa Istoka\u201c. &nbsp;Ina\u010de je po struci profesor Norve\u0161kog jezika,\na sve upu\u0107uje na to da je pred njim blistava muzi\u010dka karijera u kojoj \u0107e mu\nsigurno pomo\u0107i i ova saradnja s Gocom Tr\u017ean. &nbsp;<\/p>\n\n\n\n<figure class=\"wp-block-image\"><img loading=\"lazy\" decoding=\"async\" width=\"1024\" height=\"682\" src=\"http:\/\/dzungla.net\/radio-live\/wp-content\/uploads\/2023\/06\/Goca-u-Domu-mladih_M_Masic-1024x682.jpg\" alt=\"\" class=\"wp-image-2760\" srcset=\"https:\/\/dzungla.net\/radio-live\/wp-content\/uploads\/2023\/06\/Goca-u-Domu-mladih_M_Masic-1024x682.jpg 1024w, https:\/\/dzungla.net\/radio-live\/wp-content\/uploads\/2023\/06\/Goca-u-Domu-mladih_M_Masic-300x200.jpg 300w, https:\/\/dzungla.net\/radio-live\/wp-content\/uploads\/2023\/06\/Goca-u-Domu-mladih_M_Masic-768x512.jpg 768w, https:\/\/dzungla.net\/radio-live\/wp-content\/uploads\/2023\/06\/Goca-u-Domu-mladih_M_Masic-696x464.jpg 696w, https:\/\/dzungla.net\/radio-live\/wp-content\/uploads\/2023\/06\/Goca-u-Domu-mladih_M_Masic-1068x712.jpg 1068w, https:\/\/dzungla.net\/radio-live\/wp-content\/uploads\/2023\/06\/Goca-u-Domu-mladih_M_Masic-630x420.jpg 630w, https:\/\/dzungla.net\/radio-live\/wp-content\/uploads\/2023\/06\/Goca-u-Domu-mladih_M_Masic.jpg 1700w\" sizes=\"auto, (max-width: 1024px) 100vw, 1024px\" \/><\/figure>\n\n\n\n<p>\u201eSaradnja s Gocom je bila nevjerovatna. Ona je\nizuzetna umjetnica i prava muzi\u010dka profesionalka. Na\u0161a energija je u ovom duetu\ni u video spotu naprosto eksplodirala! Vjerujem da \u0107e publika to osjetiti\u201c, komentirao\nje Princ, a nije propustio naglasiti da mu je posebna \u010dast raditi s Gocom: &nbsp;\u201eJa od malena znam za Gocu Tr\u017ean i moram re\u0107i da\nmi je velika \u010dast pjevati sa njom. Jo\u0161 kao mali sam obo\u017eavao Gocin duet sa\nTo\u0161etom Proeskim &#8216;1200 milja&#8217; i ovu sam saradnju stvarno pri\u017eeljkivao.<\/p>\n\n\n\n<p>Fanovi \u00a0Goce Tr\u017ean i Princa sigurno \u0107e u\u017eivati u ovoj ljetnoj muzi\u010dkoj poslastici i atraktivnom video spotu, koji mo\u017eete pogledati na linku: <a href=\"https:\/\/www.youtube.com\/watch?v=GqbQw4nt0dk\">https:\/\/www.youtube.com\/watch?v=GqbQw4nt0dk <\/a><\/p>\n","protected":false},"excerpt":{"rendered":"<p>Samo nekoliko dana nakon fenomenalnog koncerta u sarajevskom Domu mladih o kojem mnogi jo\u0161 pri\u010daju i prepri\u010davaju utiske, Goca Tr\u017ean je ponovo iznenadila svoje fanove! Predstavila je novi singl i prate\u0107i video spot za pjesmu \u201eMirno\u201c koja je duet sa sve popularnijim pjeva\u010dem Stefanom Zdravkovi\u0107em koji nosi umjetni\u010dko ime Princ od Vranje. Dvoje sjajnih pjeva\u010da [&hellip;]<\/p>\n","protected":false},"author":6,"featured_media":2757,"comment_status":"open","ping_status":"open","sticky":false,"template":"","format":"standard","meta":{"footnotes":""},"categories":[1],"tags":[],"class_list":{"0":"post-2756","1":"post","2":"type-post","3":"status-publish","4":"format-standard","5":"has-post-thumbnail","7":"category-novosti"},"_links":{"self":[{"href":"https:\/\/dzungla.net\/radio-live\/wp-json\/wp\/v2\/posts\/2756","targetHints":{"allow":["GET"]}}],"collection":[{"href":"https:\/\/dzungla.net\/radio-live\/wp-json\/wp\/v2\/posts"}],"about":[{"href":"https:\/\/dzungla.net\/radio-live\/wp-json\/wp\/v2\/types\/post"}],"author":[{"embeddable":true,"href":"https:\/\/dzungla.net\/radio-live\/wp-json\/wp\/v2\/users\/6"}],"replies":[{"embeddable":true,"href":"https:\/\/dzungla.net\/radio-live\/wp-json\/wp\/v2\/comments?post=2756"}],"version-history":[{"count":2,"href":"https:\/\/dzungla.net\/radio-live\/wp-json\/wp\/v2\/posts\/2756\/revisions"}],"predecessor-version":[{"id":2762,"href":"https:\/\/dzungla.net\/radio-live\/wp-json\/wp\/v2\/posts\/2756\/revisions\/2762"}],"wp:featuredmedia":[{"embeddable":true,"href":"https:\/\/dzungla.net\/radio-live\/wp-json\/wp\/v2\/media\/2757"}],"wp:attachment":[{"href":"https:\/\/dzungla.net\/radio-live\/wp-json\/wp\/v2\/media?parent=2756"}],"wp:term":[{"taxonomy":"category","embeddable":true,"href":"https:\/\/dzungla.net\/radio-live\/wp-json\/wp\/v2\/categories?post=2756"},{"taxonomy":"post_tag","embeddable":true,"href":"https:\/\/dzungla.net\/radio-live\/wp-json\/wp\/v2\/tags?post=2756"}],"curies":[{"name":"wp","href":"https:\/\/api.w.org\/{rel}","templated":true}]}}