{"id":2575,"date":"2023-04-03T09:11:03","date_gmt":"2023-04-03T09:11:03","guid":{"rendered":"http:\/\/dzungla.net\/radio-live\/?p=2575"},"modified":"2023-04-03T09:11:05","modified_gmt":"2023-04-03T09:11:05","slug":"svake-sekunde-u-svijetu-se-popije-6-000-soljica-nescafe-kafe","status":"publish","type":"post","link":"https:\/\/dzungla.net\/radio-live\/svake-sekunde-u-svijetu-se-popije-6-000-soljica-nescafe-kafe\/","title":{"rendered":"Svake sekunde u svijetu se popije 6.000 \u0161oljica NESCAF\u00c9 kafe"},"content":{"rendered":"\n<p><strong>Sarajevo, 3. april 2023.<\/strong> \u2013<strong> <\/strong>Najve\u0107i brend kafe kompanije Nestl\u00e9\nove godine obilje\u017eava \u010dak 85 godina. Povodom velike godi\u0161njice, NESCAF\u00c9 jo\u0161\njednom podsje\u0107a na dostignu\u0107a u odr\u017eivosti uzgoja kafe pri \u010demu klju\u010dnu ulogu u\ntom podru\u010dju imaju uzgajiva\u010di, a potom i na\u010din na koji se kafa proizvodi, pakuje\ni konzumira. Imaju\u0107i na umu svoj uticaj i \u010dinjenicu da se u jednoj sekundi u\nsvijetu popije 6.000 \u0161oljica NESCAF\u00c9 kafe, Nestl\u00e9 ostaje predan pozitivnom uticaju\nna \u017eivote ljudi i planete, od farme do \u0161oljice. <\/p>\n\n\n\n<p>Zamislite <strong>360.000 ljudi<\/strong>, koji piju <strong>\u0161oljicu NESCAF\u00c9 kafe u\nminuti u isto vrijeme na istom mjestu.<\/strong> Bilo bi to kao da stanovnici\nbosanskohercegova\u010dkih gradova Trebinja, Br\u010dkog, Mostara, Doboja, Visokog i\nBiha\u0107a &nbsp;simultano u\u017eivaju u \u0161oljici\nomiljenog napitka brenda kafe.<\/p>\n\n\n\n<p>Obilje\u017eavanje 85. godi\u0161njice zna\u010di isticanje nekih dostignu\u0107a\nbrenda u pogledu odr\u017eivosti: kafa koja se koristi u tvornicama u Europi dolazi\niz 100 posto odgovornog procesa nabave, a dobiveni talog od NESCAF\u00c9 kafe\nkoristi se za napajanje njegovih proizvodnih centara, \u010dime se \u0161tede drugi\nenergetski resursi. Osim toga, sva kafa u kojoj svakodnevno u\u017eivamo dolazi iz\n100 posto odgovornog uzgoja, \u0161to zna\u010di da NESCAF\u00c9 sada osigurava put sirovina\nod bilo koje planta\u017ee do bilo kojeg distribucijskog centra. <em>Nescafe Pure\nsoluble<\/em> ve\u0107 ima jedno od najodr\u017eivijih pakovanja: metalne limenke i \u010da\u0161e\nkoje se mogu ponovno iskoristiti i beskona\u010dno reciklirati, a nedavno je\npakiranje NESCAFE 3u1 promijenjeno i sada je cijelo pakovanje dizajnirano s\nciljem jednostavnije recikla\u017ee. <\/p>\n\n\n\n<p>Koli\u010dina popijene kafe u prosjeku je dovoljan motiv da Nestl\u00e9, najve\u0107a\nsvjetska kompanija za proizvodnju hrane i pi\u0107a, ulo\u017ei enormne napore u cilju\nosiguravanja odr\u017eive potro\u0161nje kafe i ekonomsko-ekolo\u0161kog ekosistema kroz koji\n\u0107e se priroda mo\u0107i regenerirati i ponuditi \u017eeljeni proizvod desetlje\u0107ima od\nsada.<\/p>\n\n\n\n<p><em>\u201e<\/em><em>Odr\u017eivost je u srcu brenda NESCAF\u00c9, a to je vidljivo i u na\u0161oj\nkomunikaciji s potro\u0161a\u010dima. Na\u0161 cilj je povesti potro\u0161a\u010de na jedinstveno\nputovanje i pokazati im napore kompanije koji stoje iza njihove \u0161oljice\nomiljene NESCAF\u00c9 kafe. To uklju\u010duje uzgoj kvalitetne kafe, proizvodnju, pakovanje\nte na\u010dine isporuke. Predani smo pozitivnom uticaju na \u017eivote uzgajiva\u010da kafe,\nkao i na planetu, a to je mogu\u0107e samo zahvaljuju\u0107i ljubavi i povjerenju na\u0161ih\npotro\u0161a\u010da prema brendu NESCAF\u00c9<\/em><em>\u201c,<\/em> kazala je <strong>Atana \u0160kalko<\/strong>, <strong>izvr\u0161na\ndirektorica kategorije pi\u0107a za tr\u017ei\u0161te Jugoisto\u010dne Europe.<\/strong><\/p>\n\n\n\n<figure class=\"wp-block-image\"><img loading=\"lazy\" decoding=\"async\" width=\"683\" height=\"1024\" src=\"http:\/\/dzungla.net\/radio-live\/wp-content\/uploads\/2023\/04\/Atana-Skalko-izvrsna-direktorica-kategorije-pica-za-trziste-Jugoistocne-Europe-683x1024.jpg\" alt=\"\" class=\"wp-image-2577\" srcset=\"https:\/\/dzungla.net\/radio-live\/wp-content\/uploads\/2023\/04\/Atana-Skalko-izvrsna-direktorica-kategorije-pica-za-trziste-Jugoistocne-Europe-683x1024.jpg 683w, https:\/\/dzungla.net\/radio-live\/wp-content\/uploads\/2023\/04\/Atana-Skalko-izvrsna-direktorica-kategorije-pica-za-trziste-Jugoistocne-Europe-200x300.jpg 200w, https:\/\/dzungla.net\/radio-live\/wp-content\/uploads\/2023\/04\/Atana-Skalko-izvrsna-direktorica-kategorije-pica-za-trziste-Jugoistocne-Europe-768x1152.jpg 768w, https:\/\/dzungla.net\/radio-live\/wp-content\/uploads\/2023\/04\/Atana-Skalko-izvrsna-direktorica-kategorije-pica-za-trziste-Jugoistocne-Europe-696x1044.jpg 696w, https:\/\/dzungla.net\/radio-live\/wp-content\/uploads\/2023\/04\/Atana-Skalko-izvrsna-direktorica-kategorije-pica-za-trziste-Jugoistocne-Europe-1068x1602.jpg 1068w, https:\/\/dzungla.net\/radio-live\/wp-content\/uploads\/2023\/04\/Atana-Skalko-izvrsna-direktorica-kategorije-pica-za-trziste-Jugoistocne-Europe-280x420.jpg 280w, https:\/\/dzungla.net\/radio-live\/wp-content\/uploads\/2023\/04\/Atana-Skalko-izvrsna-direktorica-kategorije-pica-za-trziste-Jugoistocne-Europe-1920x2880.jpg 1920w\" sizes=\"auto, (max-width: 683px) 100vw, 683px\" \/><\/figure>\n\n\n\n<p>Tokom <a href=\"https:\/\/www.nestle.com\/sites\/default\/files\/2021-01\/sustainable-journey-ten-years-nescafe-plan-2021-en.pdf\">proteklog desetlje\u0107a<\/a>, Nestl\u00e9 je bio posve\u0107en tome da\ntehnike uzgoja kafe \u0161irom svijeta u\u010dini odr\u017eivim kroz NESCAF\u00c9 plan. U oktobru\n2022. predstavio je i novo izdanje plana \u2013&nbsp;\n<a href=\"https:\/\/www.nestle.hr\/media\/pressreleases\/allpressreleases\/uzgoja-kave-do-2030\">NESCAF\u00c9 Plan 2030<\/a> \u2013 u kojem je definisao viziju\nodr\u017eivosti u sljede\u0107ih deset godina. Ona je stvorena u cilju pru\u017eanja podr\u0161ke\nuzgajiva\u010dima kafe u prelazu na regenerativne poljoprivredne prakse, a kako bi\nse smanjile emisije stakleni\u010dkih plinova i pove\u0107ala zarada poljoprivrednika.<\/p>\n","protected":false},"excerpt":{"rendered":"<p>Sarajevo, 3. april 2023. \u2013 Najve\u0107i brend kafe kompanije Nestl\u00e9 ove godine obilje\u017eava \u010dak 85 godina. Povodom velike godi\u0161njice, NESCAF\u00c9 jo\u0161 jednom podsje\u0107a na dostignu\u0107a u odr\u017eivosti uzgoja kafe pri \u010demu klju\u010dnu ulogu u tom podru\u010dju imaju uzgajiva\u010di, a potom i na\u010din na koji se kafa proizvodi, pakuje i konzumira. Imaju\u0107i na umu svoj uticaj [&hellip;]<\/p>\n","protected":false},"author":6,"featured_media":2576,"comment_status":"open","ping_status":"open","sticky":false,"template":"","format":"standard","meta":{"footnotes":""},"categories":[1],"tags":[],"class_list":{"0":"post-2575","1":"post","2":"type-post","3":"status-publish","4":"format-standard","5":"has-post-thumbnail","7":"category-novosti"},"_links":{"self":[{"href":"https:\/\/dzungla.net\/radio-live\/wp-json\/wp\/v2\/posts\/2575","targetHints":{"allow":["GET"]}}],"collection":[{"href":"https:\/\/dzungla.net\/radio-live\/wp-json\/wp\/v2\/posts"}],"about":[{"href":"https:\/\/dzungla.net\/radio-live\/wp-json\/wp\/v2\/types\/post"}],"author":[{"embeddable":true,"href":"https:\/\/dzungla.net\/radio-live\/wp-json\/wp\/v2\/users\/6"}],"replies":[{"embeddable":true,"href":"https:\/\/dzungla.net\/radio-live\/wp-json\/wp\/v2\/comments?post=2575"}],"version-history":[{"count":1,"href":"https:\/\/dzungla.net\/radio-live\/wp-json\/wp\/v2\/posts\/2575\/revisions"}],"predecessor-version":[{"id":2578,"href":"https:\/\/dzungla.net\/radio-live\/wp-json\/wp\/v2\/posts\/2575\/revisions\/2578"}],"wp:featuredmedia":[{"embeddable":true,"href":"https:\/\/dzungla.net\/radio-live\/wp-json\/wp\/v2\/media\/2576"}],"wp:attachment":[{"href":"https:\/\/dzungla.net\/radio-live\/wp-json\/wp\/v2\/media?parent=2575"}],"wp:term":[{"taxonomy":"category","embeddable":true,"href":"https:\/\/dzungla.net\/radio-live\/wp-json\/wp\/v2\/categories?post=2575"},{"taxonomy":"post_tag","embeddable":true,"href":"https:\/\/dzungla.net\/radio-live\/wp-json\/wp\/v2\/tags?post=2575"}],"curies":[{"name":"wp","href":"https:\/\/api.w.org\/{rel}","templated":true}]}}